{"id":665,"date":"2020-03-21T10:00:00","date_gmt":"2020-03-21T16:00:00","guid":{"rendered":"https:\/\/percepcionpublica.com\/?p=665"},"modified":"2020-08-27T22:33:50","modified_gmt":"2020-08-28T03:33:50","slug":"capacidad-no-es-igual-que-inteligencia","status":"publish","type":"post","link":"https:\/\/percepcionpublica.com\/index.php\/2020\/03\/21\/capacidad-no-es-igual-que-inteligencia\/","title":{"rendered":"Capacidad no es igual que inteligencia"},"content":{"rendered":"\n<h2 class=\"wp-block-heading\">Frecuentemente mis clientes, familiares y amigos se repiten la misma pregunta: \u00bfpor qu\u00e9 si son tan inteligentes no logran tal o cual cosa?<\/h2>\n\n\n\n<p>Estoy seguro de que en muchos comentarios dentro de las redes sociales podemos encontrar personas que ya descubrieron el hilo negro de las cosas. Afortunadamente yo jam\u00e1s lo sabr\u00e9 todo y hablar\u00e9 \u00fanicamente desde mi experiencia personal, preparaci\u00f3n, observaci\u00f3n, an\u00e1lisis, investigaci\u00f3n e informaci\u00f3n que durante casi 23 a\u00f1os como profesional de la comunicaci\u00f3n estrat\u00e9gica he acumulado y, lejano al trabajo de car\u00e1cter confidencial que hacemos en Percepci\u00f3n P\u00fablica, me he permitido escribir un poco para todos aquellos que se hacen la misma pregunta y se han atorado ante la falta de respuesta. El problema m\u00e1s com\u00fan que he encontrado en los seres humanos es que no sabemos aplicar y dar valor a toda nuestra capacidad; de hecho, con frecuencia ni siquiera tenemos definidos objetivos o somos conformistas.<\/p>\n\n\n\n<p>Advierto que ni los determinismos ni los absolutismos existen o son v\u00e1lidos para m\u00ed, mucho menos en mis hallazgos, porque TODO ES DIN\u00c1MICO Y PERFECTIBLE en esta vida; as\u00ed que, sin m\u00e1s pre\u00e1mbulos, espero se encuentren listos para esta conversaci\u00f3n y recuerden algo que les ser\u00e1 muy \u00fatil por toda su vida: ANTES DE ABRIR LA BOCA, EVITA CERRAR LA MENTE.<\/p>\n\n\n\n<p>Todos los seres humanos nacimos con grandes capacidades, s\u00f3lo que ni siquiera la mitad de ellas las exploramos y rara vez las aprovechamos en m\u00e1s de un 70%.<\/p>\n\n\n\n<p>Esto se traduce en una alta posibilidad de que no estemos haciendo lo que mejor sabemos hacer, o de que no desarrollemos capacidades complementarias que desconocemos por no haberles visto en nuestro entorno, y que por ello jam\u00e1s nos hicimos conscientes de su importancia. A veces basta solamente un buen consejo para detonar todo nuestro potencial; desafortunadamente estamos invadidos de informaci\u00f3n inconexa, incompleta, estereotipos, prejuicios, resentimiento social, miedos, inseguridades, manipulaci\u00f3n, ego\u00edsmo, etc.<\/p>\n\n\n\n<p>La buena noticia es que dentro de nuestras capacidades se encuentra (aunque sea en distintos grados) la capacidad de discernir entre lo que nos conviene y lo que no. En este punto es importante se\u00f1alar que nuestra \u201cmente emocional\u201d es muy traviesa y no le gusta pensar demasiado, por lo que suele intercambiar mucho de lo bueno que tenemos por respuestas impulsivas, vac\u00edas y arrogantes (\u00bfte suena?). De hecho, a las generaciones m\u00e1s j\u00f3venes se les ha venido \u201cinflando con ego\u201d a trav\u00e9s de la gran cantidad de informaci\u00f3n a la que tenemos acceso, toda vez que su capacidad de discernimiento no se encuentra tan desarrollada y eso los vuelve m\u00e1s vulnerables a la manipulaci\u00f3n consumista o propagandista, sin que siquiera puedan darse cuenta. \u201cActuar desde el ego\u201d es la forma m\u00e1s recurrente de operaci\u00f3n de la \u201cmente emocional\u201d, actitudes idealistas y respuestas viscerales son un sitio com\u00fan. No hay nada de malo en ello, pero la vida requiere equilibrio para la trascendencia humana, para alcanzar la felicidad. La trascendencia material es incluso bastante m\u00e1s f\u00e1cil de alcanzar.<\/p>\n\n\n\n<p>\u201cLa mente racional\u201d tarda mucho m\u00e1s que la \u201cmente emocional\u201d en dar sentido a las cosas, incluso yo menciono en mis conferencias que la \u201cmente emocional\u201d se rige por la ley del m\u00ednimo esfuerzo o de la zona de confort, la \u201cmente emocional\u201d busca respuestas f\u00e1ciles que evaden el ejercicio de pensar y ponen en riesgo a las personas (como cuando se culpa al coraz\u00f3n por una relaci\u00f3n t\u00f3xica, por ejemplo).<\/p>\n\n\n\n<p>Y entonces por fin llegamos a lo que nos trajo hasta aqu\u00ed:<\/p>\n\n\n\n<p>CAPACIDAD NO ES LO MISMO QUE INTELIGENCIA.<\/p>\n\n\n\n<p>Respetando el trabajo y enfoques de diversos autores multidisciplinarios, me permito compartir el concepto personal que rige la comprensi\u00f3n de la palabra \u201cinteligencia\u201d en Percepci\u00f3n P\u00fablica:<\/p>\n\n\n\n<p>INTELIGENCIA ES LA CAPACIDAD DE UNA PERSONA PARA TOMAR DECISIONES ASERTIVAS.<\/p>\n\n\n\n<p>Para quien no conozca el significado del concepto \u201casertividad\u201d o de cualquier otra cosa, le resultar\u00e1 muy \u00fatil desarrollar el h\u00e1bito y la capacidad de b\u00fasqueda (sin duda ser\u00eda una decisi\u00f3n muy asertiva que le volver\u00e1 m\u00e1s inteligente).<\/p>\n\n\n\n<p>Ahora bien, para lograr nuestros objetivos necesitaremos alcanzar un balance adecuado entre el razonamiento y las emociones, de modo tal que, si nos basamos \u00fanicamente en la raz\u00f3n, probablemente no estaremos disfrutando de las cosas. Por el otro lado, si nos basamos principalmente en las emociones, con frecuencia terminaremos hundidos por nuestros caprichos.<\/p>\n\n\n\n<p>Ahora viene lo m\u00e1s dif\u00edcil para la mayor\u00eda: la disciplina. Ser \u201cel mejor\u201d en algo requiere trabajo y constancia (o \u201cla mejor\u201d en algo, no me detendr\u00e9 en este post a la pol\u00e9mica de g\u00e9nero, las mujeres son tremendamente capaces e inteligentes como para detenerse en esa discusi\u00f3n separatista, ya hablaremos de todo su potencial muy pronto).<\/p>\n\n\n\n<p>Parte de la filosof\u00eda que compartimos en Percepci\u00f3n P\u00fablica para alguien que quiere llegar a ser o tener algo valioso y desafiante es:<\/p>\n\n\n\n<p>* Naciste con todas las capacidades necesarias para elegir lo que quieres en la vida<br>* Te toca asumir la responsabilidad de tus resultados<br>* Trabaja en tu preparaci\u00f3n con disciplina y constancia<br>* Cada fracaso es una oportunidad de aprendizaje y \u00e9xito<br>* Rod\u00e9ate de personas positivas que te inspiren y de las que puedas aprender lo necesario para llegar a tu objetivo<br>* Esfu\u00e9rzate al doble de las personas que admires<br>* Siempre recuerda que T\u00da PUEDES. Encuentra racionalmente c\u00f3mo hacerlo y no escuches voces negativas<\/p>\n\n\n\n<p>Cr\u00e9eme que no importa si alguien tiene una capacidad infinitamente superior a la tuya para algo en espec\u00edfico, la mayor\u00eda de las capacidades con esfuerzo y disciplina se desarrollan hasta lograr brechas pr\u00e1cticamente invisibles; pero al final, una persona con equilibrio de capacidades t\u00e9cnicas y de comunicaci\u00f3n tiene las mayores probabilidades de \u00e9xito.<\/p>\n\n\n\n<p>Por el contrario, si t\u00fa sabes objetivamente que eres quien tiene la mayor capacidad en lo que haces y te causa irritaci\u00f3n que otros con menor o nula capacidad sean m\u00e1s reconocidos, es muy probable que te hayas atorado en tus capacidades t\u00e9cnicas y olvidaste o minimizaste la necesidad de desarrollar tus capacidades de comunicaci\u00f3n. Por eso te repito una vez m\u00e1s: CAPACIDAD NO ES LO MISMO QUE INTELIGENCIA (te invito a leer una y otra vez nuestra definici\u00f3n de inteligencia).<\/p>\n\n\n\n<p>Por favor comp\u00e1rtenos en los comentarios qu\u00e9 es lo que a ti te est\u00e1 atorando para crecer y alcanzar el \u00e9xito en todo aquello que te has propuesto. Tambi\u00e9n puedes sugerirnos otros temas de los que te interesar\u00eda aprender, en la medida de las posibilidades el equipo de especialistas de Percepci\u00f3n P\u00fablica estaremos hablando de ellos como un granito de arena y responsabilidad social durante esta pandemia.<\/p>\n\n\n\n<p>Te env\u00edo un abrazo lleno de amor y \u00e9xito.<\/p>\n\n\n\n<p>Alberto Tello de Meneses<br>CEO Percepci\u00f3n P\u00fablica<\/p>\n\n\n\n<p>Alberto Tello de Meneses asesora a diversas personalidades latinoamericanas, desde presidentes de algunos pa\u00edses, hasta ganadores de premios Oscar y Grammy; figuras p\u00fablicas en general; empresarios y seres humanos entusiastas que pronto ser\u00e1n muy reconocidos.<\/p>\n\n\n\n<ul class=\"wp-block-social-links aligncenter is-style-logos-only is-layout-flex wp-block-social-links-is-layout-flex\"><li class=\"wp-social-link wp-social-link-facebook  wp-block-social-link\"><a href=\"https:\/\/facebook.com\/percepcionpublica\" class=\"wp-block-social-link-anchor\"><svg width=\"24\" height=\"24\" viewBox=\"0 0 24 24\" version=\"1.1\" xmlns=\"http:\/\/www.w3.org\/2000\/svg\" aria-hidden=\"true\" focusable=\"false\"><path d=\"M12 2C6.5 2 2 6.5 2 12c0 5 3.7 9.1 8.4 9.9v-7H7.9V12h2.5V9.8c0-2.5 1.5-3.9 3.8-3.9 1.1 0 2.2.2 2.2.2v2.5h-1.3c-1.2 0-1.6.8-1.6 1.6V12h2.8l-.4 2.9h-2.3v7C18.3 21.1 22 17 22 12c0-5.5-4.5-10-10-10z\"><\/path><\/svg><span class=\"wp-block-social-link-label screen-reader-text\">Facebook<\/span><\/a><\/li>\n\n<li class=\"wp-social-link wp-social-link-twitter  wp-block-social-link\"><a href=\"https:\/\/twitter.com\/percepcionpubli\" class=\"wp-block-social-link-anchor\"><svg width=\"24\" height=\"24\" viewBox=\"0 0 24 24\" version=\"1.1\" xmlns=\"http:\/\/www.w3.org\/2000\/svg\" aria-hidden=\"true\" focusable=\"false\"><path d=\"M22.23,5.924c-0.736,0.326-1.527,0.547-2.357,0.646c0.847-0.508,1.498-1.312,1.804-2.27 c-0.793,0.47-1.671,0.812-2.606,0.996C18.324,4.498,17.257,4,16.077,4c-2.266,0-4.103,1.837-4.103,4.103 c0,0.322,0.036,0.635,0.106,0.935C8.67,8.867,5.647,7.234,3.623,4.751C3.27,5.357,3.067,6.062,3.067,6.814 c0,1.424,0.724,2.679,1.825,3.415c-0.673-0.021-1.305-0.206-1.859-0.513c0,0.017,0,0.034,0,0.052c0,1.988,1.414,3.647,3.292,4.023 c-0.344,0.094-0.707,0.144-1.081,0.144c-0.264,0-0.521-0.026-0.772-0.074c0.522,1.63,2.038,2.816,3.833,2.85 c-1.404,1.1-3.174,1.756-5.096,1.756c-0.331,0-0.658-0.019-0.979-0.057c1.816,1.164,3.973,1.843,6.29,1.843 c7.547,0,11.675-6.252,11.675-11.675c0-0.178-0.004-0.355-0.012-0.531C20.985,7.47,21.68,6.747,22.23,5.924z\"><\/path><\/svg><span class=\"wp-block-social-link-label screen-reader-text\">Twitter<\/span><\/a><\/li>\n\n<li class=\"wp-social-link wp-social-link-instagram  wp-block-social-link\"><a href=\"https:\/\/instagram.com\/percepcionpublica\" class=\"wp-block-social-link-anchor\"><svg width=\"24\" height=\"24\" viewBox=\"0 0 24 24\" version=\"1.1\" xmlns=\"http:\/\/www.w3.org\/2000\/svg\" aria-hidden=\"true\" focusable=\"false\"><path d=\"M12,4.622c2.403,0,2.688,0.009,3.637,0.052c0.877,0.04,1.354,0.187,1.671,0.31c0.42,0.163,0.72,0.358,1.035,0.673 c0.315,0.315,0.51,0.615,0.673,1.035c0.123,0.317,0.27,0.794,0.31,1.671c0.043,0.949,0.052,1.234,0.052,3.637 s-0.009,2.688-0.052,3.637c-0.04,0.877-0.187,1.354-0.31,1.671c-0.163,0.42-0.358,0.72-0.673,1.035 c-0.315,0.315-0.615,0.51-1.035,0.673c-0.317,0.123-0.794,0.27-1.671,0.31c-0.949,0.043-1.233,0.052-3.637,0.052 s-2.688-0.009-3.637-0.052c-0.877-0.04-1.354-0.187-1.671-0.31c-0.42-0.163-0.72-0.358-1.035-0.673 c-0.315-0.315-0.51-0.615-0.673-1.035c-0.123-0.317-0.27-0.794-0.31-1.671C4.631,14.688,4.622,14.403,4.622,12 s0.009-2.688,0.052-3.637c0.04-0.877,0.187-1.354,0.31-1.671c0.163-0.42,0.358-0.72,0.673-1.035 c0.315-0.315,0.615-0.51,1.035-0.673c0.317-0.123,0.794-0.27,1.671-0.31C9.312,4.631,9.597,4.622,12,4.622 M12,3 C9.556,3,9.249,3.01,8.289,3.054C7.331,3.098,6.677,3.25,6.105,3.472C5.513,3.702,5.011,4.01,4.511,4.511 c-0.5,0.5-0.808,1.002-1.038,1.594C3.25,6.677,3.098,7.331,3.054,8.289C3.01,9.249,3,9.556,3,12c0,2.444,0.01,2.751,0.054,3.711 c0.044,0.958,0.196,1.612,0.418,2.185c0.23,0.592,0.538,1.094,1.038,1.594c0.5,0.5,1.002,0.808,1.594,1.038 c0.572,0.222,1.227,0.375,2.185,0.418C9.249,20.99,9.556,21,12,21s2.751-0.01,3.711-0.054c0.958-0.044,1.612-0.196,2.185-0.418 c0.592-0.23,1.094-0.538,1.594-1.038c0.5-0.5,0.808-1.002,1.038-1.594c0.222-0.572,0.375-1.227,0.418-2.185 C20.99,14.751,21,14.444,21,12s-0.01-2.751-0.054-3.711c-0.044-0.958-0.196-1.612-0.418-2.185c-0.23-0.592-0.538-1.094-1.038-1.594 c-0.5-0.5-1.002-0.808-1.594-1.038c-0.572-0.222-1.227-0.375-2.185-0.418C14.751,3.01,14.444,3,12,3L12,3z M12,7.378 c-2.552,0-4.622,2.069-4.622,4.622S9.448,16.622,12,16.622s4.622-2.069,4.622-4.622S14.552,7.378,12,7.378z M12,15 c-1.657,0-3-1.343-3-3s1.343-3,3-3s3,1.343,3,3S13.657,15,12,15z M16.804,6.116c-0.596,0-1.08,0.484-1.08,1.08 s0.484,1.08,1.08,1.08c0.596,0,1.08-0.484,1.08-1.08S17.401,6.116,16.804,6.116z\"><\/path><\/svg><span class=\"wp-block-social-link-label screen-reader-text\">Instagram<\/span><\/a><\/li>\n\n<li class=\"wp-social-link wp-social-link-youtube  wp-block-social-link\"><a href=\"https:\/\/www.youtube.com\/channel\/UCaFnYWIYhniyRWcHF1xIb6A\" class=\"wp-block-social-link-anchor\"><svg width=\"24\" height=\"24\" viewBox=\"0 0 24 24\" version=\"1.1\" xmlns=\"http:\/\/www.w3.org\/2000\/svg\" aria-hidden=\"true\" focusable=\"false\"><path d=\"M21.8,8.001c0,0-0.195-1.378-0.795-1.985c-0.76-0.797-1.613-0.801-2.004-0.847c-2.799-0.202-6.997-0.202-6.997-0.202 h-0.009c0,0-4.198,0-6.997,0.202C4.608,5.216,3.756,5.22,2.995,6.016C2.395,6.623,2.2,8.001,2.2,8.001S2,9.62,2,11.238v1.517 c0,1.618,0.2,3.237,0.2,3.237s0.195,1.378,0.795,1.985c0.761,0.797,1.76,0.771,2.205,0.855c1.6,0.153,6.8,0.201,6.8,0.201 s4.203-0.006,7.001-0.209c0.391-0.047,1.243-0.051,2.004-0.847c0.6-0.607,0.795-1.985,0.795-1.985s0.2-1.618,0.2-3.237v-1.517 C22,9.62,21.8,8.001,21.8,8.001z M9.935,14.594l-0.001-5.62l5.404,2.82L9.935,14.594z\"><\/path><\/svg><span class=\"wp-block-social-link-label screen-reader-text\">YouTube<\/span><\/a><\/li><\/ul>\n\n\n\n<p><\/p>\n","protected":false},"excerpt":{"rendered":"<p>Frecuentemente mis clientes, familiares y amigos se repiten la misma pregunta: \u00bfpor qu\u00e9 si son tan inteligentes no logran tal o cual [&hellip;]<\/p>\n","protected":false},"author":1,"featured_media":666,"comment_status":"closed","ping_status":"open","sticky":false,"template":"","format":"standard","meta":{"footnotes":""},"categories":[18],"tags":[28,29,26,27,23,32,30,31,22,25,24],"class_list":["post-665","post","type-post","status-publish","format-standard","has-post-thumbnail","hentry","category-ppblog","tag-asertiva","tag-asertivas","tag-asertividad","tag-asertivo","tag-capacidad","tag-concepto","tag-decision","tag-decisiones","tag-inteligencia","tag-mente-emocional","tag-mente-racional"],"_links":{"self":[{"href":"https:\/\/percepcionpublica.com\/index.php\/wp-json\/wp\/v2\/posts\/665","targetHints":{"allow":["GET"]}}],"collection":[{"href":"https:\/\/percepcionpublica.com\/index.php\/wp-json\/wp\/v2\/posts"}],"about":[{"href":"https:\/\/percepcionpublica.com\/index.php\/wp-json\/wp\/v2\/types\/post"}],"author":[{"embeddable":true,"href":"https:\/\/percepcionpublica.com\/index.php\/wp-json\/wp\/v2\/users\/1"}],"replies":[{"embeddable":true,"href":"https:\/\/percepcionpublica.com\/index.php\/wp-json\/wp\/v2\/comments?post=665"}],"version-history":[{"count":2,"href":"https:\/\/percepcionpublica.com\/index.php\/wp-json\/wp\/v2\/posts\/665\/revisions"}],"predecessor-version":[{"id":669,"href":"https:\/\/percepcionpublica.com\/index.php\/wp-json\/wp\/v2\/posts\/665\/revisions\/669"}],"wp:featuredmedia":[{"embeddable":true,"href":"https:\/\/percepcionpublica.com\/index.php\/wp-json\/wp\/v2\/media\/666"}],"wp:attachment":[{"href":"https:\/\/percepcionpublica.com\/index.php\/wp-json\/wp\/v2\/media?parent=665"}],"wp:term":[{"taxonomy":"category","embeddable":true,"href":"https:\/\/percepcionpublica.com\/index.php\/wp-json\/wp\/v2\/categories?post=665"},{"taxonomy":"post_tag","embeddable":true,"href":"https:\/\/percepcionpublica.com\/index.php\/wp-json\/wp\/v2\/tags?post=665"}],"curies":[{"name":"wp","href":"https:\/\/api.w.org\/{rel}","templated":true}]}}