{"id":1065,"date":"2020-10-14T02:52:09","date_gmt":"2020-10-14T07:52:09","guid":{"rendered":"https:\/\/percepcionpublica.com\/?p=1065"},"modified":"2020-10-14T03:57:34","modified_gmt":"2020-10-14T08:57:34","slug":"a1-telekom-puede-convertirse-en-el-nuevo-patrocinador-principal-de-sergio-perez","status":"publish","type":"post","link":"https:\/\/percepcionpublica.com\/index.php\/2020\/10\/14\/a1-telekom-puede-convertirse-en-el-nuevo-patrocinador-principal-de-sergio-perez\/","title":{"rendered":"A1 Telekom puede convertirse en el nuevo patrocinador principal de Sergio P\u00e9rez en la F\u00f3rmula 1 para la temporada 2021"},"content":{"rendered":"\n<p><em>Por: Alberto Tello de Meneses \/ CEO Percepci\u00f3n P\u00fablica Latinoam\u00e9rica<\/em>. <br>Ciudad de M\u00e9xico.<\/p>\n\n\n\n<p>1<em>4 de octubre de 2020<\/em>.<\/p>\n\n\n\n<p><a href=\"https:\/\/percepcionpublica.com\/index.php\/2020\/10\/14\/a1-telekom-might-become-main-sponsor-of-sergio-perez\/\">English version.<\/a><\/p>\n\n\n\n<p>La mayor\u00eda de los seres humanos s\u00f3lo podemos ver aquello que conocemos y somos capaces de comprender. Este es un principio b\u00e1sico de la vida y nos se\u00f1ala que muchas cosas suceden frente a nuestros ojos sin que siquiera nos demos cuenta. Esta es la raz\u00f3n principal por la que tanto me apasiona mi trabajo: encontrar las respuestas que est\u00e1n a la vista de todos pero que la mayor\u00eda no advierte. Tambi\u00e9n se dice en el mundo jur\u00eddico que &#8220;<em>ignorantia legis neminem excusat<\/em>&#8221; -la ignorancia no exime el cumplimiento de la ley-, muy apropiado tambi\u00e9n. Poca gente conoce siquiera que existen consultor\u00edas de an\u00e1lisis y comunicaci\u00f3n estrat\u00e9gica, mucha menos comprende lo que hacemos. &#8220;Afortunadamente&#8221; esto es normal, para que no se pierda la magia de la sorpresa.<\/p>\n\n\n\n<p><\/p>\n\n\n\n<p>Pero continuando con el tema de la contrataci\u00f3n de <strong>Sergio &#8216;Checo&#8217; P\u00e9rez<\/strong> por la escuder\u00eda <strong>Red Bull Racing<\/strong>, en materia de an\u00e1lisis mercadol\u00f3gico, comunicaci\u00f3n estrat\u00e9gica y <strong>F\u00f3rmula 1, <\/strong>que es lo que nos tiene de vuelta aqu\u00ed, encontr\u00e9 una relaci\u00f3n de marcas por dem\u00e1s importante:<\/p>\n\n\n\n<p>La <strong>Escuder\u00eda Telmex<\/strong> ha acompa\u00f1ado a P\u00e9rez desde antes de su incursi\u00f3n en la m\u00e1xima categor\u00eda, esta divisi\u00f3n de patrocinio a pilotos latinoamericanos es propiedad del mexicano <strong>Carlos Slim Hel\u00fa,<\/strong> uno de los hombres m\u00e1s acaudalados del mundo, de acuerdo a la revista <em><strong>Forbes<\/strong><\/em>.<\/p>\n\n\n\n<p><br><\/p>\n\n\n\n<div class=\"wp-block-image\"><figure class=\"aligncenter size-large is-resized\"><img fetchpriority=\"high\" decoding=\"async\" src=\"https:\/\/percepcionpublica.com\/wp-content\/uploads\/2020\/09\/gp2-catalunya-2009-sergio-perez-e1600595299827.jpg\" alt=\"\" class=\"wp-image-960\" width=\"442\" height=\"248\" srcset=\"https:\/\/percepcionpublica.com\/wp-content\/uploads\/2020\/09\/gp2-catalunya-2009-sergio-perez-e1600595299827.jpg 800w, https:\/\/percepcionpublica.com\/wp-content\/uploads\/2020\/09\/gp2-catalunya-2009-sergio-perez-e1600595299827-300x169.jpg 300w, https:\/\/percepcionpublica.com\/wp-content\/uploads\/2020\/09\/gp2-catalunya-2009-sergio-perez-e1600595299827-768x432.jpg 768w, https:\/\/percepcionpublica.com\/wp-content\/uploads\/2020\/09\/gp2-catalunya-2009-sergio-perez-e1600595299827-230x129.jpg 230w, https:\/\/percepcionpublica.com\/wp-content\/uploads\/2020\/09\/gp2-catalunya-2009-sergio-perez-e1600595299827-350x197.jpg 350w, https:\/\/percepcionpublica.com\/wp-content\/uploads\/2020\/09\/gp2-catalunya-2009-sergio-perez-e1600595299827-480x270.jpg 480w\" sizes=\"(max-width: 442px) 100vw, 442px\" \/><figcaption><sup>2009 GP2 Series. Round 1.  Barcelona, Spain. Friday Practice. 8th May 2009. Sergio Perez (MEX, Telmex Arden International). Action.   World Copyright: Glenn Dunbar \/ GP2 Series Media Service. Ref: IMG_1115.jpg<\/sup><\/figcaption><\/figure><\/div>\n\n\n\n<p>Como ya lo mencion\u00e9 en an\u00e1lisis anteriores, las declaraciones de los protagonistas me confirman que existe un preacuerdo desde hace algunos meses entre P\u00e9rez y el Red Bull Racing; pero hay un actor m\u00e1s del que a\u00fan no se habla: <strong>A1 Telekom Austria Group<\/strong> podr\u00eda convertirse en el patrocinador principal de la escuder\u00eda, en sustituci\u00f3n de la marca <strong>Aston-Martin<\/strong>; lo que orillar\u00eda al Red Bull Racing a dar por terminado el acuerdo multianual con el l\u00edder mundial en telecomunicaciones <strong>AT&amp;T<\/strong>, con quienes han tenido una relaci\u00f3n ininterrumpida desde 2012.<\/p>\n\n\n\n<div class=\"wp-block-group\"><div class=\"wp-block-group__inner-container is-layout-flow wp-block-group-is-layout-flow\">\n<p><\/p>\n<\/div><\/div>\n\n\n\n<div class=\"wp-block-image\"><figure class=\"aligncenter size-large is-resized\"><img decoding=\"async\" src=\"https:\/\/percepcionpublica.com\/wp-content\/uploads\/2020\/10\/telecommunicationsRB-1024x1024.jpg\" alt=\"\" class=\"wp-image-1087\" width=\"309\" height=\"309\" srcset=\"https:\/\/percepcionpublica.com\/wp-content\/uploads\/2020\/10\/telecommunicationsRB-1024x1024.jpg 1024w, https:\/\/percepcionpublica.com\/wp-content\/uploads\/2020\/10\/telecommunicationsRB-300x300.jpg 300w, https:\/\/percepcionpublica.com\/wp-content\/uploads\/2020\/10\/telecommunicationsRB-150x150.jpg 150w, https:\/\/percepcionpublica.com\/wp-content\/uploads\/2020\/10\/telecommunicationsRB-768x768.jpg 768w, https:\/\/percepcionpublica.com\/wp-content\/uploads\/2020\/10\/telecommunicationsRB-1536x1536.jpg 1536w, https:\/\/percepcionpublica.com\/wp-content\/uploads\/2020\/10\/telecommunicationsRB.jpg 2048w, https:\/\/percepcionpublica.com\/wp-content\/uploads\/2020\/10\/telecommunicationsRB-830x830.jpg 830w, https:\/\/percepcionpublica.com\/wp-content\/uploads\/2020\/10\/telecommunicationsRB-230x230.jpg 230w, https:\/\/percepcionpublica.com\/wp-content\/uploads\/2020\/10\/telecommunicationsRB-350x350.jpg 350w, https:\/\/percepcionpublica.com\/wp-content\/uploads\/2020\/10\/telecommunicationsRB-480x480.jpg 480w\" sizes=\"(max-width: 309px) 100vw, 309px\" \/><figcaption><sup>A1 Telekom podr\u00eda reemplazar a Aston-Martin como patrocinador principal y a AT&amp;T como patrocinador y socio tecnol\u00f3gico en telecomunicaciones del Red Bull Racing en 2021.<\/sup><\/figcaption><\/figure><\/div>\n\n\n\n<p><br>Es importante recordar a <strong>Red Bull GmbH<\/strong> como empresa austriaca, la cual es dirigida por uno de sus propietarios y fundador del mismo pa\u00eds: <strong>Dietrich Mateschitz<\/strong>. En contraparte, A1 es la mayor empresa de telecomunicaciones en Austria, y se encuentra en expansi\u00f3n con importante presencia en otros pa\u00edses europeos. Hasta este punto, \u00bfcu\u00e1l es la relaci\u00f3n con Sergio P\u00e9rez? \u00a1El principal accionista de A1 Telekom Austria Group es <strong>Am\u00e9rica M\u00f3vil<\/strong>, con el 51% de los t\u00edtulos de propiedad! Am\u00e9rica M\u00f3vil es una de las 10 empresas de telecomunicaciones m\u00e1s importantes a nivel global, y su propietario es el mismo se\u00f1or Carlos Slim.<br><\/p>\n\n\n\n<p><br><\/p>\n\n\n\n<div class=\"wp-block-group\"><div class=\"wp-block-group__inner-container is-layout-flow wp-block-group-is-layout-flow\">\n<div class=\"wp-block-group is-layout-flow wp-block-group-is-layout-flow\"><div class=\"wp-block-group__inner-container\"><\/div><\/div>\n<\/div><\/div>\n\n\n\n<div class=\"wp-block-image\"><figure class=\"aligncenter size-large is-resized\"><img decoding=\"async\" src=\"https:\/\/percepcionpublica.com\/wp-content\/uploads\/2020\/10\/collage-1024x1024.jpg\" alt=\"\" class=\"wp-image-1080\" width=\"280\" height=\"280\" srcset=\"https:\/\/percepcionpublica.com\/wp-content\/uploads\/2020\/10\/collage-1024x1024.jpg 1024w, https:\/\/percepcionpublica.com\/wp-content\/uploads\/2020\/10\/collage-300x300.jpg 300w, https:\/\/percepcionpublica.com\/wp-content\/uploads\/2020\/10\/collage-150x150.jpg 150w, https:\/\/percepcionpublica.com\/wp-content\/uploads\/2020\/10\/collage-768x768.jpg 768w, https:\/\/percepcionpublica.com\/wp-content\/uploads\/2020\/10\/collage-1536x1536.jpg 1536w, https:\/\/percepcionpublica.com\/wp-content\/uploads\/2020\/10\/collage.jpg 2048w, https:\/\/percepcionpublica.com\/wp-content\/uploads\/2020\/10\/collage-830x830.jpg 830w, https:\/\/percepcionpublica.com\/wp-content\/uploads\/2020\/10\/collage-230x230.jpg 230w, https:\/\/percepcionpublica.com\/wp-content\/uploads\/2020\/10\/collage-350x350.jpg 350w, https:\/\/percepcionpublica.com\/wp-content\/uploads\/2020\/10\/collage-480x480.jpg 480w\" sizes=\"(max-width: 280px) 100vw, 280px\" \/><figcaption><sup>A la izquierda: El mexicano Carlos Slim Hel\u00fa, due\u00f1o y fundador de Am\u00e9rica M\u00f3vil. A la derecha: El austriaco Dietrich Mateschitz, due\u00f1o y fundador de Red Bull GmbH.<\/sup><\/figcaption><\/figure><\/div>\n\n\n\n<p>Entonces, ya podemos ir trazando rutas org\u00e1nicas de presencia, expansi\u00f3n y posicionamiento de mercado que son de muy alto inter\u00e9s para los patrocinadores de &#8216;Checo&#8217;, y que son vistos como una jugosa oportunidad de negocio a largo plazo -incluso despu\u00e9s del retiro del propio Sergio P\u00e9rez- para Red Bull, eliminando todo conflicto de marcas con <strong>Telcel<\/strong>, <strong>Telmex<\/strong>, <strong>Claro<\/strong> o cualquier otra de las filiales de Am\u00e9rica M\u00f3vil; en un <em>doble play<\/em> para el p\u00fablico austriaco\/europeo y mexicano\/americano.<\/p>\n\n\n\n<p>No olvidemos que: la F\u00f3rmula 1, las escuder\u00edas y los patrocinios, son un negocio en forma de entretenimiento deportivo; pero el engranaje principal que hace posible el espect\u00e1culo se desarrolla tras las bambalinas.<br><br>#checogivesyouwings<\/p>\n\n\n\n<p><br><em><sup>*Alberto Tello de Meneses es Consultor Senior en Comunicaci\u00f3n Estrat\u00e9gica, imagen verbal\/no verbal y manejo de crisis, adem\u00e1s de ser un gran aficionado al automovilismo y el an\u00e1lisis deportivo. Asesora a diversas personalidades latinoamericanas, desde presidentes de algunos pa\u00edses, hasta ganadores de premios Oscar y Grammy; figuras p\u00fablicas en general; empresarios y seres humanos entusiastas que pronto ser\u00e1n muy reconocidos.<\/sup><\/em><\/p>\n\n\n\n<div class=\"wp-block-group\"><div class=\"wp-block-group__inner-container is-layout-flow wp-block-group-is-layout-flow\">\n<figure class=\"wp-block-video\"><video height=\"1080\" style=\"aspect-ratio: 1472 \/ 1080;\" width=\"1472\" autoplay loop muted src=\"https:\/\/percepcionpublica.com\/wp-content\/uploads\/2020\/09\/checo.mov\" playsinline><\/video><\/figure>\n<\/div><\/div>\n\n\n\n<p><\/p>\n","protected":false},"excerpt":{"rendered":"<p>Por: Alberto Tello de Meneses \/ CEO Percepci\u00f3n P\u00fablica Latinoam\u00e9rica. Ciudad de M\u00e9xico. 14 de octubre de 2020. English version. La mayor\u00eda [&hellip;]<\/p>\n","protected":false},"author":1,"featured_media":1093,"comment_status":"closed","ping_status":"open","sticky":false,"template":"","format":"standard","meta":{"footnotes":""},"categories":[44,18],"tags":[64,113,114,92,120,55,116,115,111,56,45,123,126,117,119,110,52,112,53,118,49,69,124,125,54,47,59,57,121,122],"class_list":["post-1065","post","type-post","status-publish","format-standard","has-post-thumbnail","hentry","category-analisis-deportivo","category-ppblog","tag-checogivesyouwings","tag-a1","tag-a1-telekom","tag-alberto-tello-de-meneses","tag-america-movil","tag-aston-martin","tag-att","tag-austria","tag-carlos-slim","tag-checo","tag-checo-perez","tag-claro","tag-comunicacion-estrategica","tag-dietrich","tag-dietrich-mateschitz","tag-escuderia-telmex","tag-f1","tag-forbes","tag-formula-1","tag-mateschitz","tag-max-verstappen","tag-mexico","tag-percepcion","tag-percepcion-publica-2","tag-racing-point","tag-red-bull","tag-red-bull-racing","tag-sergio-perez-2","tag-telcel","tag-telmex"],"_links":{"self":[{"href":"https:\/\/percepcionpublica.com\/index.php\/wp-json\/wp\/v2\/posts\/1065","targetHints":{"allow":["GET"]}}],"collection":[{"href":"https:\/\/percepcionpublica.com\/index.php\/wp-json\/wp\/v2\/posts"}],"about":[{"href":"https:\/\/percepcionpublica.com\/index.php\/wp-json\/wp\/v2\/types\/post"}],"author":[{"embeddable":true,"href":"https:\/\/percepcionpublica.com\/index.php\/wp-json\/wp\/v2\/users\/1"}],"replies":[{"embeddable":true,"href":"https:\/\/percepcionpublica.com\/index.php\/wp-json\/wp\/v2\/comments?post=1065"}],"version-history":[{"count":31,"href":"https:\/\/percepcionpublica.com\/index.php\/wp-json\/wp\/v2\/posts\/1065\/revisions"}],"predecessor-version":[{"id":1120,"href":"https:\/\/percepcionpublica.com\/index.php\/wp-json\/wp\/v2\/posts\/1065\/revisions\/1120"}],"wp:featuredmedia":[{"embeddable":true,"href":"https:\/\/percepcionpublica.com\/index.php\/wp-json\/wp\/v2\/media\/1093"}],"wp:attachment":[{"href":"https:\/\/percepcionpublica.com\/index.php\/wp-json\/wp\/v2\/media?parent=1065"}],"wp:term":[{"taxonomy":"category","embeddable":true,"href":"https:\/\/percepcionpublica.com\/index.php\/wp-json\/wp\/v2\/categories?post=1065"},{"taxonomy":"post_tag","embeddable":true,"href":"https:\/\/percepcionpublica.com\/index.php\/wp-json\/wp\/v2\/tags?post=1065"}],"curies":[{"name":"wp","href":"https:\/\/api.w.org\/{rel}","templated":true}]}}